{"id":475,"date":"2023-03-20T11:03:46","date_gmt":"2023-03-20T15:03:46","guid":{"rendered":"https:\/\/prohabitatbolivia.org\/fph\/?p=475"},"modified":"2023-04-11T11:04:38","modified_gmt":"2023-04-11T15:04:38","slug":"programa-de-fortalecimiento-a-municipios","status":"publish","type":"post","link":"https:\/\/prohabitatbolivia.org\/fph\/2023\/03\/20\/programa-de-fortalecimiento-a-municipios\/","title":{"rendered":"PROGRAMA DE FORTALECIMIENTO A MUNICIPIOS"},"content":{"rendered":"\n\n\n\n\n<p>Durante la jornada del 18 de Marzo la Fundaci\u00f3n Pro H\u00e1bitat tuvo la presentaci\u00f3n del programa de Fortalecimiento a Municipios en procesos de Consolidaci\u00f3n Urbana Sostenible a representantes del valle alto. Durante este primer encuentro se conto con la participaci\u00f3n de los municipios de Cliza, Sacabamba, Tolata,  Tarata, Santiva\u00f1ez, San Benito y villa gualberto villarroel, con una menci\u00f3n especial al municpo de Yotala quienes participaron del departamento de sucre.<\/p>\n<p>El programa de fortalecimiento tiene por objetivo fortalecer a los gobiernos municipales en procesos de consolidaci\u00f3n urbana sostenible para el mejoramiento de las condiciones socio habitacionales y de gobernanza urbana en la perspectiva de construir ciudades compactas, sostenibles y en armon\u00eda con la madre tierra.<\/p>\n<p>Durante este mismo d\u00eda se genero la firma del convenio con el municipio de San Benito para iniciar con el trabajo propuesto en el programa alentando asi a otros municipios a sumarse.<\/p>\n<p>\u00a1qu\u00e9 sea en hora buena!<\/p>\n\n\n\n\n\n\n\n\n","protected":false},"excerpt":{"rendered":"","protected":false},"author":1,"featured_media":477,"comment_status":"closed","ping_status":"closed","sticky":false,"template":"","format":"standard","meta":{"footnotes":""},"categories":[21,20],"tags":[16],"class_list":["post-475","post","type-post","status-publish","format-standard","has-post-thumbnail","hentry","category-cus","category-sur","tag-cus"],"_links":{"self":[{"href":"https:\/\/prohabitatbolivia.org\/fph\/wp-json\/wp\/v2\/posts\/475","targetHints":{"allow":["GET"]}}],"collection":[{"href":"https:\/\/prohabitatbolivia.org\/fph\/wp-json\/wp\/v2\/posts"}],"about":[{"href":"https:\/\/prohabitatbolivia.org\/fph\/wp-json\/wp\/v2\/types\/post"}],"author":[{"embeddable":true,"href":"https:\/\/prohabitatbolivia.org\/fph\/wp-json\/wp\/v2\/users\/1"}],"replies":[{"embeddable":true,"href":"https:\/\/prohabitatbolivia.org\/fph\/wp-json\/wp\/v2\/comments?post=475"}],"version-history":[{"count":2,"href":"https:\/\/prohabitatbolivia.org\/fph\/wp-json\/wp\/v2\/posts\/475\/revisions"}],"predecessor-version":[{"id":483,"href":"https:\/\/prohabitatbolivia.org\/fph\/wp-json\/wp\/v2\/posts\/475\/revisions\/483"}],"wp:featuredmedia":[{"embeddable":true,"href":"https:\/\/prohabitatbolivia.org\/fph\/wp-json\/wp\/v2\/media\/477"}],"wp:attachment":[{"href":"https:\/\/prohabitatbolivia.org\/fph\/wp-json\/wp\/v2\/media?parent=475"}],"wp:term":[{"taxonomy":"category","embeddable":true,"href":"https:\/\/prohabitatbolivia.org\/fph\/wp-json\/wp\/v2\/categories?post=475"},{"taxonomy":"post_tag","embeddable":true,"href":"https:\/\/prohabitatbolivia.org\/fph\/wp-json\/wp\/v2\/tags?post=475"}],"curies":[{"name":"wp","href":"https:\/\/api.w.org\/{rel}","templated":true}]}}