{"id":498,"date":"2023-04-15T15:24:57","date_gmt":"2023-04-15T19:24:57","guid":{"rendered":"https:\/\/prohabitatbolivia.org\/fph\/?p=498"},"modified":"2023-04-17T15:26:35","modified_gmt":"2023-04-17T19:26:35","slug":"firma-de-convenio-marco-con-el-gobierno-autonomo-municipal-de-tolata","status":"publish","type":"post","link":"https:\/\/prohabitatbolivia.org\/fph\/2023\/04\/15\/firma-de-convenio-marco-con-el-gobierno-autonomo-municipal-de-tolata\/","title":{"rendered":"FIRMA DE CONVENIO\u00a0 MARCO CON EL GOBIERNO AUTONOMO MUNICIPAL DE TOLATA"},"content":{"rendered":"\n\n\n\n\n<p>Este viernes 14 de abril se firmo el convenio de la Fundaci\u00f3n Pro H\u00e1bitat con el Gobierno Aut\u00f3nomo Municipal de Tolata. Esta actividad cont\u00f3 con la presencia del alcalde&nbsp; de Totala, Ariel Vargas Revollo, la gerente general de la Fundaci\u00f3n pro h\u00e1bitat, Antonia Terrazas, &nbsp;el director de urbanismo de catastro y el asesor legal.<\/p>\n<p>\u201cVamos a contribuir en el proceso de planificaci\u00f3n urbana y gobernanza ambiental, para consolidar a partir a partir de espacios de reflexi\u00f3n, socializaci\u00f3n y participaci\u00f3n y solo de esta manera ser\u00e1 sostenible estos proyectos\u201d indic\u00f3 la gerente de la Fundaci\u00f3n Pro Habitat, Antonia Terrazas.<\/p>\n<p>En esta firma se hizo a grandes rasgos &nbsp;la&nbsp; trayectoria de la Fundaci\u00f3n Pro H\u00e1bitat en estos 30 a\u00f1os, tambi\u00e9n la alcald\u00eda realizo un bosquejo del proyecto, hablando &nbsp;de intereses que tienen para poder realizar esta firma de convenio que tiene una periodicidad de tres a\u00f1os. A partir de esta&nbsp; firma se trazara una agenda y se desarrollar\u00e1 el plan estrat\u00e9gico para que se pueda trabajar, siempre por el&nbsp; bien de las comunidades.<\/p>\n<p>&nbsp;\u201cVamos a ir trabando con ustedes y con todo su equipo\u201d, concluy\u00f3 el&nbsp; alcalde del&nbsp; Gobierno Aut\u00f3nomo Municipal de Tolata, Ariel Vargas Revollo, haciendo conocer que la socializaci\u00f3n es uno de las mejores opciones &nbsp;para poder llegar a buenos resultados.<\/p>\n\n\n<p><br><\/p>\n\n\n<p>Noelia Quispe Quispe.<\/p>\n\n\n","protected":false},"excerpt":{"rendered":"","protected":false},"author":1,"featured_media":500,"comment_status":"closed","ping_status":"closed","sticky":false,"template":"","format":"standard","meta":{"footnotes":""},"categories":[20],"tags":[23,22,24,25],"class_list":["post-498","post","type-post","status-publish","format-standard","has-post-thumbnail","hentry","category-sur","tag-convenio","tag-cus-2","tag-sur","tag-tolata"],"_links":{"self":[{"href":"https:\/\/prohabitatbolivia.org\/fph\/wp-json\/wp\/v2\/posts\/498","targetHints":{"allow":["GET"]}}],"collection":[{"href":"https:\/\/prohabitatbolivia.org\/fph\/wp-json\/wp\/v2\/posts"}],"about":[{"href":"https:\/\/prohabitatbolivia.org\/fph\/wp-json\/wp\/v2\/types\/post"}],"author":[{"embeddable":true,"href":"https:\/\/prohabitatbolivia.org\/fph\/wp-json\/wp\/v2\/users\/1"}],"replies":[{"embeddable":true,"href":"https:\/\/prohabitatbolivia.org\/fph\/wp-json\/wp\/v2\/comments?post=498"}],"version-history":[{"count":4,"href":"https:\/\/prohabitatbolivia.org\/fph\/wp-json\/wp\/v2\/posts\/498\/revisions"}],"predecessor-version":[{"id":503,"href":"https:\/\/prohabitatbolivia.org\/fph\/wp-json\/wp\/v2\/posts\/498\/revisions\/503"}],"wp:featuredmedia":[{"embeddable":true,"href":"https:\/\/prohabitatbolivia.org\/fph\/wp-json\/wp\/v2\/media\/500"}],"wp:attachment":[{"href":"https:\/\/prohabitatbolivia.org\/fph\/wp-json\/wp\/v2\/media?parent=498"}],"wp:term":[{"taxonomy":"category","embeddable":true,"href":"https:\/\/prohabitatbolivia.org\/fph\/wp-json\/wp\/v2\/categories?post=498"},{"taxonomy":"post_tag","embeddable":true,"href":"https:\/\/prohabitatbolivia.org\/fph\/wp-json\/wp\/v2\/tags?post=498"}],"curies":[{"name":"wp","href":"https:\/\/api.w.org\/{rel}","templated":true}]}}