{"id":504,"date":"2023-04-14T15:56:01","date_gmt":"2023-04-14T19:56:01","guid":{"rendered":"https:\/\/prohabitatbolivia.org\/fph\/?p=504"},"modified":"2023-04-17T15:56:34","modified_gmt":"2023-04-17T19:56:34","slug":"evaluacion-plan-estrategico-institucional-de-la-fundacion-pro-habitat","status":"publish","type":"post","link":"https:\/\/prohabitatbolivia.org\/fph\/2023\/04\/14\/evaluacion-plan-estrategico-institucional-de-la-fundacion-pro-habitat\/","title":{"rendered":"EVALUACI\u00d3N\u00a0 PLAN ESTRAT\u00c9GICO INSTITUCIONAL DE LA FUNDACI\u00d3N PRO H\u00c1BITAT"},"content":{"rendered":"\n\n\n\n\n<p>Durante la jornada del jueves 13 de abril se llev\u00f3 acabo la evaluaci\u00f3n del plan estrat\u00e9gico institucional de la Fundaci\u00f3n Pro H\u00e1bitat con la participaci\u00f3n de los trabajadores de planta junto con el equipo de voluntarios de la gesti\u00f3n 2023, esto con el prop\u00f3sito&nbsp; de mejorar las estrategias y el ambiente laboral.<\/p>\n<p>Este proceso de evaluaci\u00f3n se dio cita&nbsp; a las 8 de la ma\u00f1ana a la cabeza de la gerente general de la Fundaci\u00f3n Pro H\u00e1bitat,&nbsp; Lic. Antonia Terrazas y moderada por la psic\u00f3loga, Andrea Torres, especialista en comunicaci\u00f3n organizacional.<\/p>\n<p>Inici\u00f3 con actividades l\u00fadicas haciendo participaci\u00f3n de todos los presentes, &nbsp;continuando con temarios de c\u00f3mo est\u00e1n avanzando los objetivos planteados por la fundaci\u00f3n, se hizo un bosquejo de manera general de todas las \u00e1reas que conlleva la fundaci\u00f3n tal como es el SUR, DUR dise\u00f1o Urbano, EUR, SID y DUR Saneamiento B\u00e1sico.<\/p>\n<p>Tambi\u00e9n se realiz\u00f3 las explicaciones a los voluntarios para que puedan desarrollar sus actividades de manera m\u00e1s precisa &nbsp;aclarando las dudas que surgieron durante este periodo de prueba.<\/p>\n<p>\u201cEsta actividad que se realiza nos ayud\u00f3 a comprender y conocer de mejor manera sobre lo que es la fundaci\u00f3n sus objetivos y&nbsp; a todos los que&nbsp; la componen y yo creo que realmente es necesario este tipo de actividades para que haya una mejor relaci\u00f3n entre&nbsp; todos y poder trabajar de manera m\u00e1s pr\u00e1ctica y eficaz\u201d mencion\u00f3 una de las voluntarias. Las actividades interactivas y pr\u00e1cticas se realizaron hasta las 18:00 culminando con una ronda de participaci\u00f3n y retroalimentaci\u00f3n de trabajadores de planta y voluntarios.<\/p>\n<p><\/p>\n\n\n<p><br><\/p>\n\n\n<p>Noelia Quispe Quispe<\/p>\n\n\n\n\n\n\n\n\n","protected":false},"excerpt":{"rendered":"","protected":false},"author":1,"featured_media":506,"comment_status":"closed","ping_status":"closed","sticky":false,"template":"","format":"standard","meta":{"footnotes":""},"categories":[21],"tags":[16,26,27,28,24],"class_list":["post-504","post","type-post","status-publish","format-standard","has-post-thumbnail","hentry","category-cus","tag-cus","tag-dur-2","tag-eur","tag-fph","tag-sur"],"_links":{"self":[{"href":"https:\/\/prohabitatbolivia.org\/fph\/wp-json\/wp\/v2\/posts\/504","targetHints":{"allow":["GET"]}}],"collection":[{"href":"https:\/\/prohabitatbolivia.org\/fph\/wp-json\/wp\/v2\/posts"}],"about":[{"href":"https:\/\/prohabitatbolivia.org\/fph\/wp-json\/wp\/v2\/types\/post"}],"author":[{"embeddable":true,"href":"https:\/\/prohabitatbolivia.org\/fph\/wp-json\/wp\/v2\/users\/1"}],"replies":[{"embeddable":true,"href":"https:\/\/prohabitatbolivia.org\/fph\/wp-json\/wp\/v2\/comments?post=504"}],"version-history":[{"count":5,"href":"https:\/\/prohabitatbolivia.org\/fph\/wp-json\/wp\/v2\/posts\/504\/revisions"}],"predecessor-version":[{"id":512,"href":"https:\/\/prohabitatbolivia.org\/fph\/wp-json\/wp\/v2\/posts\/504\/revisions\/512"}],"wp:featuredmedia":[{"embeddable":true,"href":"https:\/\/prohabitatbolivia.org\/fph\/wp-json\/wp\/v2\/media\/506"}],"wp:attachment":[{"href":"https:\/\/prohabitatbolivia.org\/fph\/wp-json\/wp\/v2\/media?parent=504"}],"wp:term":[{"taxonomy":"category","embeddable":true,"href":"https:\/\/prohabitatbolivia.org\/fph\/wp-json\/wp\/v2\/categories?post=504"},{"taxonomy":"post_tag","embeddable":true,"href":"https:\/\/prohabitatbolivia.org\/fph\/wp-json\/wp\/v2\/tags?post=504"}],"curies":[{"name":"wp","href":"https:\/\/api.w.org\/{rel}","templated":true}]}}