{"id":566,"date":"2023-08-11T09:57:03","date_gmt":"2023-08-11T13:57:03","guid":{"rendered":"https:\/\/prohabitatbolivia.org\/fph\/?p=566"},"modified":"2023-08-22T10:02:45","modified_gmt":"2023-08-22T14:02:45","slug":"proyecto-corredor-biologico-urbano-waycha-mayu","status":"publish","type":"post","link":"https:\/\/prohabitatbolivia.org\/fph\/2023\/08\/11\/proyecto-corredor-biologico-urbano-waycha-mayu\/","title":{"rendered":"PROYECTO CORREDOR BIOL\u00d3GICO URBANO WAYCHA MAYU"},"content":{"rendered":"\n<p><\/p>\n\n\n\n<p>Ayer participamos de una jornada de Di\u00e1logo entre los principales actores del proyecto \u00abCorredor Biol\u00f3gico Urbano Waycha Mayu: gobernanza ambiental y restauraci\u00f3n de las funciones socio-ambientales en barrios suburbanos del municipio de Sacaba\u00bb y distintas instituciones en los ambientes del Gobierno aut\u00f3nomo municipal de Sacaba.<\/p>\n\n\n\n<p>Este encuentro de intercambio de experiencias destacamos la paricipaci\u00f3n del Gobernador de Cochabamba, <a><\/a>Humberto Sanchez quien participo reafirmando su compromiso por generar espacios verdes en nuestro departamento.<\/p>\n\n\n\n<p>Tambien contamos con la participaci\u00f3n de t\u00e9cnicos del GAM Sacaba que apoyaron durante toda esta gesti\u00f3n, representantes del Proyecto de Di\u00e1logo y Apoyo Colaborativo, Representantes de los centros de investigaci\u00f3n de la UMSS, representantes de los colectivos y especialmente resaltamos la participacion de dirigentes y vecinos de las OTB&#8217;s que se encuentran en torno a la torrentera Waycha Mayu que se sumaron al proyecto de dise\u00f1o del corredor biol\u00f3gico urbano Waycha Mayu.<\/p>\n\n\n\n<p>Fue una jornada exitosa de mucho dialogo e intercambio pero sobre todo compromiso de seguir en la busqueda de generar espacios p\u00fablicos verdes que generen un impacto positivo en nuestro medio ambiente.<\/p>\n","protected":false},"excerpt":{"rendered":"<p>Ayer participamos de una jornada de Di\u00e1logo entre los principales actores del proyecto \u00abCorredor Biol\u00f3gico Urbano Waycha Mayu: gobernanza ambiental y restauraci\u00f3n de las funciones socio-ambientales en barrios suburbanos del municipio de Sacaba\u00bb y distintas instituciones en los ambientes del Gobierno aut\u00f3nomo municipal de Sacaba. Este encuentro de intercambio de experiencias destacamos la paricipaci\u00f3n del [&hellip;]<\/p>\n","protected":false},"author":1,"featured_media":568,"comment_status":"open","ping_status":"open","sticky":false,"template":"","format":"standard","meta":{"footnotes":""},"categories":[21],"tags":[32,16,17,14,31,23],"class_list":["post-566","post","type-post","status-publish","format-standard","has-post-thumbnail","hentry","category-cus","tag-cochabamba","tag-cus","tag-dur","tag-medioambiente","tag-municipos","tag-convenio"],"_links":{"self":[{"href":"https:\/\/prohabitatbolivia.org\/fph\/wp-json\/wp\/v2\/posts\/566","targetHints":{"allow":["GET"]}}],"collection":[{"href":"https:\/\/prohabitatbolivia.org\/fph\/wp-json\/wp\/v2\/posts"}],"about":[{"href":"https:\/\/prohabitatbolivia.org\/fph\/wp-json\/wp\/v2\/types\/post"}],"author":[{"embeddable":true,"href":"https:\/\/prohabitatbolivia.org\/fph\/wp-json\/wp\/v2\/users\/1"}],"replies":[{"embeddable":true,"href":"https:\/\/prohabitatbolivia.org\/fph\/wp-json\/wp\/v2\/comments?post=566"}],"version-history":[{"count":1,"href":"https:\/\/prohabitatbolivia.org\/fph\/wp-json\/wp\/v2\/posts\/566\/revisions"}],"predecessor-version":[{"id":569,"href":"https:\/\/prohabitatbolivia.org\/fph\/wp-json\/wp\/v2\/posts\/566\/revisions\/569"}],"wp:featuredmedia":[{"embeddable":true,"href":"https:\/\/prohabitatbolivia.org\/fph\/wp-json\/wp\/v2\/media\/568"}],"wp:attachment":[{"href":"https:\/\/prohabitatbolivia.org\/fph\/wp-json\/wp\/v2\/media?parent=566"}],"wp:term":[{"taxonomy":"category","embeddable":true,"href":"https:\/\/prohabitatbolivia.org\/fph\/wp-json\/wp\/v2\/categories?post=566"},{"taxonomy":"post_tag","embeddable":true,"href":"https:\/\/prohabitatbolivia.org\/fph\/wp-json\/wp\/v2\/tags?post=566"}],"curies":[{"name":"wp","href":"https:\/\/api.w.org\/{rel}","templated":true}]}}