{"id":591,"date":"2023-09-07T16:13:20","date_gmt":"2023-09-07T20:13:20","guid":{"rendered":"https:\/\/prohabitatbolivia.org\/fph\/?p=591"},"modified":"2023-09-07T16:13:20","modified_gmt":"2023-09-07T20:13:20","slug":"encuentro-destaca-la-importancia-de-la-vivienda-productiva-bioclimatica-y-la-innovacion-en-la-construccion-con-adobe","status":"publish","type":"post","link":"https:\/\/prohabitatbolivia.org\/fph\/2023\/09\/07\/encuentro-destaca-la-importancia-de-la-vivienda-productiva-bioclimatica-y-la-innovacion-en-la-construccion-con-adobe\/","title":{"rendered":"Encuentro Destaca la Importancia de la Vivienda Productiva Bioclim\u00e1tica y la Innovaci\u00f3n en la Construcci\u00f3n con Adobe"},"content":{"rendered":"\n<p>La Universidad Mayor de San Sim\u00f3n fue el escenario de un enriquecedor intercambio de conocimientos en el \u00abConversatorio de Vivienda Productiva Bioclim\u00e1tica\u00bb celebrado hoy. El evento reuni\u00f3 a distintos expertos y profesionales de la construcci\u00f3n, todos unidos por un objetivo central: valorar y recomendar el proyecto de vivienda productiva bioclim\u00e1tica mediante aportes te\u00f3ricos, t\u00e9cnicos y criterios de redise\u00f1o.<\/p>\n\n\n\n<p>Esta iniciativa, que busca impulsar el desarrollo de viviendas sostenibles y eficientes, cobr\u00f3 especial relevancia en un momento en el que la conciencia ambiental y la necesidad de reducir la huella de carbono se han convertido en prioridades globales. <\/p>\n\n\n\n<p>El evento tambi\u00e9n brind\u00f3 un espacio invaluable para el intercambio de ideas y la creaci\u00f3n de redes entre profesionales comprometidos con la construcci\u00f3n sostenible. La diversidad de perspectivas y experiencias enriqueci\u00f3 a\u00fan m\u00e1s el di\u00e1logo, fomentando la colaboraci\u00f3n y la innovaci\u00f3n en la industria de la construcci\u00f3n.<\/p>\n\n\n\n<p>En resumen, el \u00abConversatorio de Vivienda Productiva Bioclim\u00e1tica\u00bb en la Universidad Mayor de San Sim\u00f3n se erigi\u00f3 como un foro esencial para abordar los desaf\u00edos actuales en la construcci\u00f3n sostenible. Con la contribuci\u00f3n de Pro H\u00e1bitat y otras instituciones, este evento resalt\u00f3 la importancia de considerar el adobe como un componente fundamental en la edificaci\u00f3n de un futuro m\u00e1s sostenible y amigable con el entorno.<\/p>\n","protected":false},"excerpt":{"rendered":"<p>La Universidad Mayor de San Sim\u00f3n fue el escenario de un enriquecedor intercambio de conocimientos en el \u00abConversatorio de Vivienda Productiva Bioclim\u00e1tica\u00bb celebrado hoy. El evento reuni\u00f3 a distintos expertos y profesionales de la construcci\u00f3n, todos unidos por un objetivo central: valorar y recomendar el proyecto de vivienda productiva bioclim\u00e1tica mediante aportes te\u00f3ricos, t\u00e9cnicos y [&hellip;]<\/p>\n","protected":false},"author":1,"featured_media":593,"comment_status":"open","ping_status":"open","sticky":false,"template":"","format":"standard","meta":{"footnotes":""},"categories":[21,18],"tags":[],"class_list":["post-591","post","type-post","status-publish","format-standard","has-post-thumbnail","hentry","category-cus","category-eur"],"_links":{"self":[{"href":"https:\/\/prohabitatbolivia.org\/fph\/wp-json\/wp\/v2\/posts\/591","targetHints":{"allow":["GET"]}}],"collection":[{"href":"https:\/\/prohabitatbolivia.org\/fph\/wp-json\/wp\/v2\/posts"}],"about":[{"href":"https:\/\/prohabitatbolivia.org\/fph\/wp-json\/wp\/v2\/types\/post"}],"author":[{"embeddable":true,"href":"https:\/\/prohabitatbolivia.org\/fph\/wp-json\/wp\/v2\/users\/1"}],"replies":[{"embeddable":true,"href":"https:\/\/prohabitatbolivia.org\/fph\/wp-json\/wp\/v2\/comments?post=591"}],"version-history":[{"count":1,"href":"https:\/\/prohabitatbolivia.org\/fph\/wp-json\/wp\/v2\/posts\/591\/revisions"}],"predecessor-version":[{"id":597,"href":"https:\/\/prohabitatbolivia.org\/fph\/wp-json\/wp\/v2\/posts\/591\/revisions\/597"}],"wp:featuredmedia":[{"embeddable":true,"href":"https:\/\/prohabitatbolivia.org\/fph\/wp-json\/wp\/v2\/media\/593"}],"wp:attachment":[{"href":"https:\/\/prohabitatbolivia.org\/fph\/wp-json\/wp\/v2\/media?parent=591"}],"wp:term":[{"taxonomy":"category","embeddable":true,"href":"https:\/\/prohabitatbolivia.org\/fph\/wp-json\/wp\/v2\/categories?post=591"},{"taxonomy":"post_tag","embeddable":true,"href":"https:\/\/prohabitatbolivia.org\/fph\/wp-json\/wp\/v2\/tags?post=591"}],"curies":[{"name":"wp","href":"https:\/\/api.w.org\/{rel}","templated":true}]}}