{"id":599,"date":"2023-09-25T15:28:50","date_gmt":"2023-09-25T19:28:50","guid":{"rendered":"https:\/\/prohabitatbolivia.org\/fph\/?p=599"},"modified":"2023-09-25T15:32:20","modified_gmt":"2023-09-25T19:32:20","slug":"curso-de-promotores-en-educacion-urbana-vecinos-de-la-pampa-y-simon-patino-se-capacitan-en-temas-cruciales","status":"publish","type":"post","link":"https:\/\/prohabitatbolivia.org\/fph\/2023\/09\/25\/curso-de-promotores-en-educacion-urbana-vecinos-de-la-pampa-y-simon-patino-se-capacitan-en-temas-cruciales\/","title":{"rendered":"Curso de Promotores en Educaci\u00f3n Urbana: Vecinos de La Pampa y Sim\u00f3n Pati\u00f1o se Capacitan en Temas Cruciales"},"content":{"rendered":"\n\n\n\n\n<p>En una iniciativa destinada a fortalecer la educaci\u00f3n urbana y la participaci\u00f3n activa de la comunidad, cerca de 100 vecinos de las Organizaciones Territoriales de Base (OTB) La Pampa y Sim\u00f3n Pati\u00f1o en el Municipio de Santiva\u00f1ez participaron en un Curso de Promotores en Educaci\u00f3n Urbana. Este curso abord\u00f3 temas fundamentales como el medio ambiente, la tenencia segura, los espacios p\u00fablicos y el plan director urbano, generando un impacto significativo en la percepci\u00f3n y acciones de los asistentes.<\/p>\n\n\n\n<p>El curso se desarroll\u00f3 a lo largo de 3 jornadas de di\u00e1logo horizontal y construcci\u00f3n participativa, donde los vecinos desempe\u00f1aron un papel fundamental al expresar su inter\u00e9s y compromiso en torno a los temas tratados. La participaci\u00f3n activa de los residentes fue notoria, demostrando un gran entusiasmo por aprender y contribuir al mejoramiento de su comunidad.<\/p>\n\n\n\n<p>Uno de los principales resultados de este curso de promotores en educaci\u00f3n urbana fue la sensibilizaci\u00f3n de los participantes respecto a la importancia del medio ambiente y la necesidad de cuidar los espacios p\u00fablicos. Esta sensibilizaci\u00f3n llev\u00f3 a que se planteara la posibilidad de llevar a cabo jornadas de reforestaci\u00f3n con vegetaci\u00f3n nativa en la zona, como una medida concreta para preservar el entorno urbano y promover la sostenibilidad.<\/p>\n\n\n\n<p>Es crucial destacar que los espacios de sensibilizaci\u00f3n como este curso desempe\u00f1an un papel fundamental en la comunidad al empoderar a los vecinos y brindarles herramientas para abordar los desaf\u00edos urbanos de manera activa y participativa. Adem\u00e1s, fortalecen los lazos comunitarios y fomentan un sentido de pertenencia en relaci\u00f3n con su entorno.<\/p>\n\n\n\n<p>El \u00e9xito del Curso de Promotores en Educaci\u00f3n Urbana en La Pampa y Sim\u00f3n Pati\u00f1o es un ejemplo de c\u00f3mo la educaci\u00f3n y la participaci\u00f3n pueden impulsar cambios positivos en las comunidades urbanas. La voluntad de los vecinos de comprometerse con la mejora de su entorno es un testimonio del potencial transformador de la educaci\u00f3n y el di\u00e1logo horizontal en la construcci\u00f3n de ciudades m\u00e1s sostenibles y seguras para todos.<\/p>\n\n\n\n\n\n\n\n\n\n","protected":false},"excerpt":{"rendered":"","protected":false},"author":1,"featured_media":601,"comment_status":"closed","ping_status":"closed","sticky":false,"template":"","format":"standard","meta":{"footnotes":""},"categories":[1],"tags":[],"class_list":["post-599","post","type-post","status-publish","format-standard","has-post-thumbnail","hentry","category-uncategorized"],"_links":{"self":[{"href":"https:\/\/prohabitatbolivia.org\/fph\/wp-json\/wp\/v2\/posts\/599","targetHints":{"allow":["GET"]}}],"collection":[{"href":"https:\/\/prohabitatbolivia.org\/fph\/wp-json\/wp\/v2\/posts"}],"about":[{"href":"https:\/\/prohabitatbolivia.org\/fph\/wp-json\/wp\/v2\/types\/post"}],"author":[{"embeddable":true,"href":"https:\/\/prohabitatbolivia.org\/fph\/wp-json\/wp\/v2\/users\/1"}],"replies":[{"embeddable":true,"href":"https:\/\/prohabitatbolivia.org\/fph\/wp-json\/wp\/v2\/comments?post=599"}],"version-history":[{"count":2,"href":"https:\/\/prohabitatbolivia.org\/fph\/wp-json\/wp\/v2\/posts\/599\/revisions"}],"predecessor-version":[{"id":610,"href":"https:\/\/prohabitatbolivia.org\/fph\/wp-json\/wp\/v2\/posts\/599\/revisions\/610"}],"wp:featuredmedia":[{"embeddable":true,"href":"https:\/\/prohabitatbolivia.org\/fph\/wp-json\/wp\/v2\/media\/601"}],"wp:attachment":[{"href":"https:\/\/prohabitatbolivia.org\/fph\/wp-json\/wp\/v2\/media?parent=599"}],"wp:term":[{"taxonomy":"category","embeddable":true,"href":"https:\/\/prohabitatbolivia.org\/fph\/wp-json\/wp\/v2\/categories?post=599"},{"taxonomy":"post_tag","embeddable":true,"href":"https:\/\/prohabitatbolivia.org\/fph\/wp-json\/wp\/v2\/tags?post=599"}],"curies":[{"name":"wp","href":"https:\/\/api.w.org\/{rel}","templated":true}]}}