{"id":612,"date":"2023-10-23T10:04:15","date_gmt":"2023-10-23T14:04:15","guid":{"rendered":"https:\/\/prohabitatbolivia.org\/fph\/?p=612"},"modified":"2023-10-23T10:07:36","modified_gmt":"2023-10-23T14:07:36","slug":"taller-participativo-en-santivanez-ciudadanos-trazan-el-futuro-de-su-municipio","status":"publish","type":"post","link":"https:\/\/prohabitatbolivia.org\/fph\/2023\/10\/23\/taller-participativo-en-santivanez-ciudadanos-trazan-el-futuro-de-su-municipio\/","title":{"rendered":"Taller participativo en Santiva\u00f1ez: Ciudadanos trazan el futuro de su municipio"},"content":{"rendered":"\n\n\n\n\n<p>El pasado 19 de octubre, el Municipio de Santiva\u00f1ez, fue testigo de un evento significativo que reuni\u00f3 a ciudadanos comprometidos con el desarrollo de su comunidad. Bajo el t\u00edtulo \u00abTaller de construcci\u00f3n participativa del diagn\u00f3stico y propuesta del plan director urbano\u00bb, 11 Organizaciones Territoriales de Base (OTBs) se congregaron en el Coliseo Municipal para dar forma a su visi\u00f3n de futuro.<\/p>\n\n\n\n<p>El taller, organizado por la Fundaci\u00f3n Pro H\u00e1bitat en colaboraci\u00f3n con las autoridades municipales, atrajo a cerca de 70 personas, entre las que se encontraban representantes del comit\u00e9 c\u00edvico, l\u00edderes comunitarios, y miembros de las OTBs. La actividad ten\u00eda como objetivo principal fomentar la participaci\u00f3n activa de la comunidad en la planificaci\u00f3n del desarrollo urbano, promoviendo la construcci\u00f3n de un plan director que refleje las necesidades y deseos de los residentes.<\/p>\n\n\n\n<p>Uno de los momentos m\u00e1s destacados del taller fue la creaci\u00f3n de \u00abmapas parlantes\u00bb. Los participantes, divididos en grupos de trabajo, se dieron a la tarea de plasmar sus ideas sobre el futuro de Santiva\u00f1ez en mapas interactivos. Estos mapas representaban sus visiones de c\u00f3mo les gustar\u00eda que fuera su municipio en los pr\u00f3ximos a\u00f1os. Este ejercicio permiti\u00f3 una discusi\u00f3n abierta y la identificaci\u00f3n de los principales desaf\u00edos que enfrenta la comunidad.<\/p>\n\n\n\n<p>Entre los problemas actuales destacados por los participantes se encontraba la contaminaci\u00f3n, un desaf\u00edo ambiental que preocupa a muchos. La falta de espacios p\u00fablicos tambi\u00e9n se se\u00f1al\u00f3 como un tema crucial para el bienestar comunitario, as\u00ed como la presencia de v\u00edas en construcci\u00f3n, lo que ha generado inquietud en cuanto a la movilidad y seguridad en la ciudad.<\/p>\n\n\n\n<p>La Fundaci\u00f3n Pro H\u00e1bitat, como organizaci\u00f3n sin fines de lucro dedicada al desarrollo comunitario y la promoci\u00f3n de la participaci\u00f3n ciudadana, desempe\u00f1\u00f3 un papel fundamental al proporcionar recursos y apoyo t\u00e9cnico para llevar a cabo el taller. Su compromiso con la mejora de las condiciones de vida en comunidades como Santiva\u00f1ez es evidente en su participaci\u00f3n activa en este evento.<\/p>\n\n\n\n<p>El \u00abTaller de construcci\u00f3n participativa del diagn\u00f3stico y propuesta del plan director urbano\u00bb en Santiva\u00f1ez sirvi\u00f3 como un ejemplo inspirador de c\u00f3mo la colaboraci\u00f3n entre la sociedad civil, las autoridades y las organizaciones sin fines de lucro puede conducir a un proceso de planificaci\u00f3n urbana m\u00e1s inclusivo y efectivo. Los resultados de esta actividad est\u00e1n destinados a sentar las bases para un plan director urbano que refleje verdaderamente los deseos y necesidades de la comunidad.<\/p>\n\n\n\n\n\n\n\n\n\n","protected":false},"excerpt":{"rendered":"","protected":false},"author":1,"featured_media":622,"comment_status":"closed","ping_status":"closed","sticky":false,"template":"","format":"standard","meta":{"footnotes":""},"categories":[21],"tags":[],"class_list":["post-612","post","type-post","status-publish","format-standard","has-post-thumbnail","hentry","category-cus"],"_links":{"self":[{"href":"https:\/\/prohabitatbolivia.org\/fph\/wp-json\/wp\/v2\/posts\/612","targetHints":{"allow":["GET"]}}],"collection":[{"href":"https:\/\/prohabitatbolivia.org\/fph\/wp-json\/wp\/v2\/posts"}],"about":[{"href":"https:\/\/prohabitatbolivia.org\/fph\/wp-json\/wp\/v2\/types\/post"}],"author":[{"embeddable":true,"href":"https:\/\/prohabitatbolivia.org\/fph\/wp-json\/wp\/v2\/users\/1"}],"replies":[{"embeddable":true,"href":"https:\/\/prohabitatbolivia.org\/fph\/wp-json\/wp\/v2\/comments?post=612"}],"version-history":[{"count":2,"href":"https:\/\/prohabitatbolivia.org\/fph\/wp-json\/wp\/v2\/posts\/612\/revisions"}],"predecessor-version":[{"id":624,"href":"https:\/\/prohabitatbolivia.org\/fph\/wp-json\/wp\/v2\/posts\/612\/revisions\/624"}],"wp:featuredmedia":[{"embeddable":true,"href":"https:\/\/prohabitatbolivia.org\/fph\/wp-json\/wp\/v2\/media\/622"}],"wp:attachment":[{"href":"https:\/\/prohabitatbolivia.org\/fph\/wp-json\/wp\/v2\/media?parent=612"}],"wp:term":[{"taxonomy":"category","embeddable":true,"href":"https:\/\/prohabitatbolivia.org\/fph\/wp-json\/wp\/v2\/categories?post=612"},{"taxonomy":"post_tag","embeddable":true,"href":"https:\/\/prohabitatbolivia.org\/fph\/wp-json\/wp\/v2\/tags?post=612"}],"curies":[{"name":"wp","href":"https:\/\/api.w.org\/{rel}","templated":true}]}}