{"id":641,"date":"2023-10-26T09:52:13","date_gmt":"2023-10-26T13:52:13","guid":{"rendered":"https:\/\/prohabitatbolivia.org\/fph\/?p=641"},"modified":"2023-10-26T09:53:53","modified_gmt":"2023-10-26T13:53:53","slug":"taller-de-sensibilizacion-y-socializacion-en-sicaya-definiendo-un-futuro-seguro-para-el-rio-sopo","status":"publish","type":"post","link":"https:\/\/prohabitatbolivia.org\/fph\/2023\/10\/26\/taller-de-sensibilizacion-y-socializacion-en-sicaya-definiendo-un-futuro-seguro-para-el-rio-sopo\/","title":{"rendered":"Taller de Sensibilizaci\u00f3n y Socializaci\u00f3n en Sicaya: Definiendo un Futuro Seguro para el R\u00edo Sopo"},"content":{"rendered":"\n\n\n\n\n<p>El Taller de Sensibilizaci\u00f3n y Socializaci\u00f3n, dirigido por la Fundaci\u00f3n Pro Habitat y con la participaci\u00f3n activa  municipio, se convirti\u00f3 en un evento significativo para la comunidad de Sicaya el pasado 25 de octubre. M\u00e1s de 20 vecinos y l\u00edderes locales se reunieron con un prop\u00f3sito com\u00fan: concientizarse y tomar medidas para garantizar un futuro seguro para el r\u00edo Sopo.<\/p>\n\n\n\n<p>En un ambiente de colaboraci\u00f3n y reflexi\u00f3n, se trabajaron mesas de discusi\u00f3n y se utilizaron mapas parlantes para analizar la situaci\u00f3n del r\u00edo a lo largo de las \u00faltimas tres d\u00e9cadas, contrast\u00e1ndola con la realidad actual y las proyecciones para el futuro, con o sin previsiones. Esta actividad permiti\u00f3 a los participantes comprender la evoluci\u00f3n y los desaf\u00edos que el r\u00edo Sopo ha enfrentado a lo largo del tiempo.<\/p>\n\n\n\n<p>Uno de los momentos destacados del taller fue la intervenci\u00f3n del dirigente local, quien enfatiz\u00f3 la importancia de la conservaci\u00f3n del r\u00edo. \u00abM\u00e1s vale la vida que un camino, y es momento de actuar\u00bb, declar\u00f3 con pasi\u00f3n. Sus palabras resonaron reforzando el compromiso de la comunidad en la protecci\u00f3n y preservaci\u00f3n del r\u00edo Sopo.<\/p>\n\n\n\n<p>Despu\u00e9s de la parte te\u00f3rica del taller, los participantes realizaron un recorrido por las orillas del r\u00edo para observar su estado actual. Este recorrido ten\u00eda como objetivo realizar mediciones precisas, incluyendo la medici\u00f3n del cauce del r\u00edo, las crecidas m\u00e1ximas y m\u00ednimas, y una evaluaci\u00f3n del estado general del r\u00edo. Fue una oportunidad para apreciar de primera mano los desaf\u00edos medioambientales que enfrenta la zona, incluyendo la acumulaci\u00f3n de residuos. Este recorrido dej\u00f3 en claro la urgencia de tomar medidas concretas.<\/p>\n\n\n\n<p>La jornada concluy\u00f3 con los vecinos socializados y reflexionando sobre la importancia de establecer Franjas de Seguridad en el r\u00edo Sopo. La comunidad se comprometi\u00f3 a trabajar en conjunto, en colaboraci\u00f3n con las autoridades locales y la Fundaci\u00f3n Pro Habitat, para definir y aplicar medidas de protecci\u00f3n y restauraci\u00f3n a lo largo de las riberas del r\u00edo.<\/p>\n\n\n\n<p>Este taller no solo sirvi\u00f3 para crear conciencia sobre la situaci\u00f3n del r\u00edo Sopo, sino que tambi\u00e9n fortaleci\u00f3 el v\u00ednculo entre los residentes de Sicaya y su compromiso con la preservaci\u00f3n del entorno natural. Esperamos que esta iniciativa inspire a otras comunidades a tomar medidas similares para garantizar un futuro sostenible y seguro para nuestros recursos h\u00eddricos.<\/p>\n\n\n\n\n\n\n\n\n\n","protected":false},"excerpt":{"rendered":"","protected":false},"author":1,"featured_media":643,"comment_status":"closed","ping_status":"closed","sticky":false,"template":"","format":"standard","meta":{"footnotes":""},"categories":[21,18],"tags":[],"class_list":["post-641","post","type-post","status-publish","format-standard","has-post-thumbnail","hentry","category-cus","category-eur"],"_links":{"self":[{"href":"https:\/\/prohabitatbolivia.org\/fph\/wp-json\/wp\/v2\/posts\/641","targetHints":{"allow":["GET"]}}],"collection":[{"href":"https:\/\/prohabitatbolivia.org\/fph\/wp-json\/wp\/v2\/posts"}],"about":[{"href":"https:\/\/prohabitatbolivia.org\/fph\/wp-json\/wp\/v2\/types\/post"}],"author":[{"embeddable":true,"href":"https:\/\/prohabitatbolivia.org\/fph\/wp-json\/wp\/v2\/users\/1"}],"replies":[{"embeddable":true,"href":"https:\/\/prohabitatbolivia.org\/fph\/wp-json\/wp\/v2\/comments?post=641"}],"version-history":[{"count":2,"href":"https:\/\/prohabitatbolivia.org\/fph\/wp-json\/wp\/v2\/posts\/641\/revisions"}],"predecessor-version":[{"id":656,"href":"https:\/\/prohabitatbolivia.org\/fph\/wp-json\/wp\/v2\/posts\/641\/revisions\/656"}],"wp:featuredmedia":[{"embeddable":true,"href":"https:\/\/prohabitatbolivia.org\/fph\/wp-json\/wp\/v2\/media\/643"}],"wp:attachment":[{"href":"https:\/\/prohabitatbolivia.org\/fph\/wp-json\/wp\/v2\/media?parent=641"}],"wp:term":[{"taxonomy":"category","embeddable":true,"href":"https:\/\/prohabitatbolivia.org\/fph\/wp-json\/wp\/v2\/categories?post=641"},{"taxonomy":"post_tag","embeddable":true,"href":"https:\/\/prohabitatbolivia.org\/fph\/wp-json\/wp\/v2\/tags?post=641"}],"curies":[{"name":"wp","href":"https:\/\/api.w.org\/{rel}","templated":true}]}}